[{"@context":"https:\/\/schema.org\/","@type":"Article","@id":"https:\/\/www.lakoz.cz\/vyznam-prirodni-kosmetiky\/#Article","mainEntityOfPage":"https:\/\/www.lakoz.cz\/vyznam-prirodni-kosmetiky\/","headline":"V\u00fdznam p\u0159\u00edrodn\u00ed kosmetiky","name":"V\u00fdznam p\u0159\u00edrodn\u00ed kosmetiky","description":"Oblast kosmetiky m\u00e1 jist\u011b v r\u00e1mci \u017eivota n\u00e1s v\u0161ech velmi podstatnou roli, co\u017e je dle m\u00e9ho osobn\u00edho n\u00e1zoru zp\u016fsobeno zejm\u00e9na...","datePublished":"2020-09-16","dateModified":"2023-05-04","author":{"@type":"Person","@id":"https:\/\/www.lakoz.cz\/author\/#Person","name":"","url":"https:\/\/www.lakoz.cz\/author\/","identifier":1,"image":{"@type":"ImageObject","@id":"https:\/\/secure.gravatar.com\/avatar\/99fa2d7bb0ff3369cbf7f1481134d0b6f7aff596e984b7c90a3d99b8b24eb0d8?s=96&d=mm&r=g","url":"https:\/\/secure.gravatar.com\/avatar\/99fa2d7bb0ff3369cbf7f1481134d0b6f7aff596e984b7c90a3d99b8b24eb0d8?s=96&d=mm&r=g","height":96,"width":96}},"publisher":{"@type":"Organization","name":"lakoz.cz","logo":{"@type":"ImageObject","@id":"\/logo.png","url":"\/logo.png","width":600,"height":60}},"image":{"@type":"ImageObject","@id":"https:\/\/www.lakoz.cz\/wp-content\/uploads\/p%C5%99%C3%ADrodn%C3%AD%20kosmetika_2.jpg","url":"https:\/\/www.lakoz.cz\/wp-content\/uploads\/p%C5%99%C3%ADrodn%C3%AD%20kosmetika_2.jpg","height":0,"width":0},"url":"https:\/\/www.lakoz.cz\/vyznam-prirodni-kosmetiky\/","about":["N\u00e1kupy"],"wordCount":455,"articleBody":"   Oblast kosmetiky m\u00e1 jist\u011b v r\u00e1mci \u017eivota n\u00e1s v\u0161ech velmi podstatnou roli, co\u017e je dle m\u00e9ho osobn\u00edho n\u00e1zoru zp\u016fsobeno zejm\u00e9na t\u00edm, \u017ee se jedn\u00e1 o n\u011bco, co je velmi podstatn\u011b spjato s \u017eivoty n\u00e1s v\u0161ech. P\u0159eci jen, m\u00e1lokdo se dnes dok\u00e1\u017ee obej\u00edt bez kvalitn\u00ed kosmetiky, p\u0159i\u010dem\u017e je opravdu vedlej\u0161\u00ed, zda se jedn\u00e1 o \u017eenu \u010di mu\u017ee, jeliko\u017e n\u011bjak\u00e9 to zkr\u00e1\u0161len\u00ed a p\u00e9\u010di o t\u011blo jist\u011b podstupuje ka\u017ed\u00fd z n\u00e1s v\u00edce, ne\u017e r\u00e1d. A pr\u00e1v\u011b z toho d\u016fvodu, bychom se tak tedy m\u011bli zam\u00fd\u0161let nad t\u00edm, zda n\u00e1m sou\u010dasn\u00fd trh nenab\u00edz\u00ed n\u011bco, co my sami pot\u0159ebujeme, av\u0161ak to ne\u0161kod\u00ed na\u0161emu okol\u00ed, se kter\u00fdm bychom m\u011bli \u017e\u00edt v jak\u00e9msi souladu a harmonii.Zejm\u00e9na s p\u0159ihl\u00e9dnut\u00edm k v\u00fd\u0161e zm\u00edn\u011bn\u00e9mu si tak tedy mysl\u00edm, \u017ee pr\u00e1v\u011b te\u010f a tady je ten spr\u00e1vn\u00fd \u010das na to, abychom se kone\u010dn\u011b za\u010dali zaj\u00edmat o v\u011bci, kter\u00e9m n\u00e1m prosp\u011bj\u00ed, a z\u00e1rove\u0148 neubl\u00ed\u017e\u00ed (\u010di neubli\u017euj\u00ed) na\u0161emu okol\u00ed, jeliko\u017e pr\u00e1v\u011b toto je v r\u00e1mci \u017eivota opravdu velmi podstatn\u00e9. Jist\u011b tak tedy ch\u00e1pete, \u017ee pr\u00e1v\u011b nyn\u00ed je ten spr\u00e1vn\u00fd \u010das na zm\u011bnu, co\u017e tedy vede k tomu, \u017ee bychom se m\u011bli kone\u010dn\u011b zaj\u00edmat v\u00edce o p\u0159\u00edrodn\u00ed kosmetiku, kter\u00e1 je s naprostou jistotou t\u00edm prav\u00fdm o\u0159echov\u00fdm pro ka\u017ed\u00e9ho z n\u00e1s. Samoz\u0159ejm\u011b, \u017ee se jedn\u00e1 sp\u00ed\u0161e o z\u00e1le\u017eitost pro \u017eeny, a to zejm\u00e9na z toho d\u016fvodu, \u017ee t\u00edm nejpodstatn\u011bj\u0161\u00edm je nejlep\u0161\u00ed p\u0159\u00edrodn\u00ed \u0159asenka. Vedle toho v\u0161ak existuj\u00ed i jin\u00e9 produkty, tedy i n\u011bjak\u00e9 ty sprchov\u00e9 gely \u010di \u0161ampony, co\u017e je ve fin\u00e1le kosmetikou i pro mu\u017ee.Poj\u010fme si tak tedy spole\u010dn\u011b sl\u00edbit, \u017ee od te\u010f se u\u017e budeme sna\u017eit myslet v\u00edce na sv\u00e9 okol\u00ed, a to zejm\u00e9na z toho d\u016fvodu, \u017ee jsme si zcela v\u011bdomi toho, \u017ee je v\u00edce ne\u017e podstatn\u00e9, aby byla sou\u010dasn\u00e1 p\u0159\u00edroda zachov\u00e1na i pro n\u00e1sleduj\u00edc\u00ed generace. Berme to tedy tak, \u017ee se jedn\u00e1 o n\u011bco, co ned\u011bl\u00e1me jen pro sebe, ale hlavn\u011b pro ty, kte\u0159\u00ed zde budou po n\u00e1s, a pr\u00e1v\u011b to tuto z\u00e1le\u017eitost povy\u0161uje je\u0161t\u011b v\u00fd\u0161e. Spojme tak tedy sv\u00e9 s\u00edly, a zachra\u0148me planetu d\u0159\u00edve, ne\u017e bude pozd\u011b!                                                                                                                                                                                                                                                                                                                                                                                         4.2\/5 - (6 votes)        "},{"@context":"https:\/\/schema.org\/","@type":"BreadcrumbList","itemListElement":[{"@type":"ListItem","position":1,"name":"V\u00fdznam p\u0159\u00edrodn\u00ed kosmetiky","item":"https:\/\/www.lakoz.cz\/vyznam-prirodni-kosmetiky\/#breadcrumbitem"}]}]